{"id":436,"date":"2013-04-15T00:36:51","date_gmt":"2013-04-14T22:36:51","guid":{"rendered":"http:\/\/imer.w.uib.no\/?p=436"},"modified":"2014-01-01T00:40:37","modified_gmt":"2013-12-31T23:40:37","slug":"imer-newsletter-nr-32013","status":"publish","type":"post","link":"https:\/\/imer.w.uib.no\/?p=436","title":{"rendered":"IMER NEWSLETTER NR. 3\/2013"},"content":{"rendered":"<h2>march-april 2013<\/h2>\n<h3>Content:<\/h3>\n<ul>\n<li>IMER Ph.D fellowship at the University of Bergen<\/li>\n<li>Upcoming IMER Bergen Seminars<\/li>\n<li>New issue of Nordic Journal of Migration Research<\/li>\n<li>Comparative migration studies (CMS)<\/li>\n<li>The journal Identities has been relaunched<\/li>\n<li>Mobility and politics<\/li>\n<li>Conferences and seminars<\/li>\n<li>Masters, PhDs and Post Docs<\/li>\n<li>New Publications <!--more--><\/li>\n<\/ul>\n<p>&nbsp;<\/p>\n<p><strong> <a id=\"1\" name=\"1\"><\/a>IMER PH.D. FELLOWSHIP AT THE UNIVERSITY OF BERGEN <\/strong><\/p>\n<p>The Department of Social Anthropology, University of Bergen, has a vacant PhD position related to International Migration and Ethnic Relations. The scholarship period is set to 4 years, 25% of which must be dedicated to teaching, supervision and administrative tasks at the Department and IMER Bergen. <strong>Application deadline<\/strong>: 31 May 2013.<\/p>\n<p><a href=\"http:\/\/www.jobbnorge.no\/job.aspx?jobid=93067\">More<\/a><\/p>\n<p>&nbsp;<\/p>\n<p><strong> <a id=\"2\" name=\"2\"><\/a>UPCOMING IMER BERGEN SEMINARS <\/strong><\/p>\n<p>IMER Bergen has three upcoming seminars:<\/p>\n<p>&#8211; <strong>Lise Rolandsen Agustin<\/strong>: \u201cMinority Women, European Integration, and the European Union\u201d.<\/p>\n<p>&#8211; Friday 19 April, 14.15-16.00.<\/p>\n<p>&#8211; <strong>Robert Sata<\/strong>: \u201cChallenges of European Integration \u2013 Diversity and Immigration in Political Discourses of Integration\u201d.<\/p>\n<p>&#8211; Friday 26 April, 14.15-16.00.<\/p>\n<p>&#8211; <strong>Camilo P\u00e9rez-Bustillo<\/strong>: \u201cPeoples in Movement: Potential Contributions of Migrant Rights Movements of Latin American Origin to the Emergence of Counter-Hegemonic Paradigms of Human Rights \u2013 Comparative Aspects in the Euro-African and Global Context\u201d.<\/p>\n<p>&#8211; Friday 3 May, 14.15-16.00.<\/p>\n<p><a href=\"http:\/\/org.uib.no\/imer\/seminars\/index.htm\">More<\/a><\/p>\n<p>&nbsp;<\/p>\n<p><strong> <a id=\"3\" name=\"3\"><\/a>NEW ISSUE OF <em>NORDIC JOURNAL OF MIGRATION RESEARCH<\/em><\/strong><\/p>\n<p>The new issue of NJMR (vol. 3, issue 1, March 2013) is now available (open access).<\/p>\n<p><a href=\"http:\/\/www.degruyter.com\/view\/j\/njmr.2013.3.issue-1\/issue-files\/njmr.2013.3.issue-1.xml\">More<\/a><\/p>\n<p>&nbsp;<\/p>\n<p><strong> <a id=\"4\" name=\"4\"><\/a>COMPARATIVE MIGRATION STUDIES (CMS) <\/strong><\/p>\n<p><em> Comparative Migration Studies<\/em> (CMS) is an open access, international, peer-reviewed journal for comparative research in the field of migration, integration and ethnic studies. Contributions are invited in particular on the following topics: migration,\u00a0integration, assimilation, migration policies, incorporation policies, governance of migration and integration, ethnic\/cultural\/religious diversity, migrant rights, gender &amp; migration, migration &amp; citizenship, migration &amp; national identity, migration &amp; security, civic integration, nationalism and migration, ethnic entrepreneurship.<\/p>\n<p><a href=\"http:\/\/www.comparativemigrationstudies.org\/\">More<\/a><\/p>\n<p>&nbsp;<\/p>\n<p><strong> <a id=\"5\" name=\"5\"><\/a>THE JOURNAL <em>IDENTITIES<\/em> HAS BEEN RELAUNCHED <\/strong><\/p>\n<p><em> Identities<\/em><em>\u2013 Global Studies in Culture and Power<\/em> (ed. Dr. Claire Alexander) has been relaunched, with new editors, new board, and updated aims and scope. Submit papers and queries to <a href=\"mailto:identities@surrey.ac.uk\">identities@surrey.ac.uk<\/a><\/p>\n<p>See the most recent issue (Vol. 20, issue 2, 2013) <a href=\"http:\/\/www.tandfonline.com\/toc\/gide20\/current\">here<\/a><\/p>\n<p>&nbsp;<\/p>\n<p><strong> <a id=\"6\" name=\"6\"><\/a>MOBILITY AND POLITICS <\/strong><\/p>\n<p>Mobility and Politics is a new series from Palgrave Pivot, edited by Martin Geiger, Parvati Raghuram and William Walters. The series invites original, theoretically and empirically<\/p>\n<p>informed studies for academic and policy-oriented debates. Authors examine issues such as refugees and displacement, migration and citizenship, security and cross-border movements, (post-) colonialism and mobility, and transnational movements and cosmopolitics.<\/p>\n<p><a href=\"http:\/\/www1.carleton.ca\/polisci\/2013\/mobility-politics-a-new-series-edited-by-martin-geiger-and-william-walters\">More<\/a><\/p>\n<p>&nbsp;<\/p>\n<p><a id=\"7\" name=\"7\"><\/a>CONFERENCES AND SEMINARS<\/p>\n<p><strong>THE SCANDINAVIAN WELFARE STATE AND IMMIGRATION. GOOD GUYS AND BAD GUYS?<br \/>\n<\/strong>Open lecture by Anniken Hagelund.<br \/>\n<strong>Date<\/strong> : Friday 19 April, 11.30-12.15.<br \/>\n<strong>Venue<\/strong>: Uni Rokkan Centre, Nyg\u00e5rdsgaten 5, 6th floor.<\/p>\n<p><strong><a href=\"http:\/\/samfunnsforskning.no\/Aktuelt\/Agenda\/Boklansering-Minoritetsbefolkningens-moete-med-det-politiske-Norge\">MINORITETSBEFOLKNINGENS M\u00d8TE MED DET POLITISKE NORGE<\/a><br \/>\n<\/strong>Boklansering. Forfattere: Tor Bj\u00f8rklund og Johannes Bergh. <strong>P\u00e5melding<\/strong> innen 18. april.<br \/>\n<strong>Dato<\/strong>: 22. april, 14.00-16.00.<br \/>\n<strong>Sted<\/strong>: Institutt for Samfunnsforskning, Munthes gate 31, Oslo.<\/p>\n<p><strong><a href=\"http:\/\/www.udi.no\/Oversiktsider\/Statistikk-og-analyse\/Varkonferansen-2013-Retur\/\">RETUR<\/a><br \/>\n<\/strong>UDIs v\u00e5rkonferanse. <strong>P\u00e5melding<\/strong> p\u00e5 nettsidene.<br \/>\n<strong>Dato<\/strong>: 22. april 2013, 09.00-15.30.<br \/>\n<strong>Sted<\/strong> : Oslo Kongressenter (Folkets hus).<\/p>\n<p><strong><a href=\"http:\/\/samfunnsforskning.no\/Aktuelt\/Agenda\/Boklansering-Krysningspunkter\">KRYSNINGSPUNKTER<\/a><br \/>\n<\/strong>Institutt for Samfunnsforskning inviterer til lansering av boken <em>Krysningspunkter: Likestillingspolitikk i et flerkulturelt Norge<\/em> (redigert av Beret Br\u00e5ten og Cecilie Thun). <strong>P\u00e5melding<\/strong> innen 25. april.<br \/>\n<strong>Dato<\/strong>: 29. april, 14.00.<br \/>\n<strong>Sted<\/strong>: Institutt for samfunnsforskning, Munthes gate 31, Oslo.<\/p>\n<p><strong><a href=\"http:\/\/www.forskningsradet.no\/prognett-vam\/Arrangement\/Invitasjon_til_dialogmote__Forskningsprogrammet_VAM\/1253984827783?WT.mc_id=nyhetsbrev-vam\">DIALOGM\u00d8TE OM FORSKNINGSPROGRAMMET VAM<\/a><br \/>\n<\/strong>Forskningsr\u00e5det inviterer til dialogm\u00f8te for forskere innen VAM-feltet. <strong>P\u00e5melding<\/strong> innen 25. april.<br \/>\n<strong>Dato<\/strong> : 30. april, 10.00-12.00.<br \/>\n<strong>Sted<\/strong>: Stensberggata 22, Oslo.<\/p>\n<p><strong> <a href=\"http:\/\/www.ruralhistory.eu\/newsletter\/2013\/rhn-2013-038\">CULINARY \u2019SELF\u2019 AND \u2019OTHER\u2019: MIGRATION AND FOOD IN THE NINETEENTH AND TWENTIETH CENTURIES <\/a><br \/>\n<\/strong>International Conference.<br \/>\n<strong>Dates<\/strong> : 24-25 May 2013.<br \/>\n<strong>Venue<\/strong> : St. P\u00f6lten, Austria.<\/p>\n<p><strong> <a href=\"http:\/\/www.soz.univie.ac.at\/marie-jahoda-summer-school-2013\/public-keynote-speech\/\">INTERNATIONAL MIGRATION AFTER THE GLOBAL ECONOMIC CRISIS<\/a><br \/>\n<\/strong>Public keynote speech by Stephen Castles, as part of the Marie Jahoda Summer School.<br \/>\n<strong>Date<\/strong> : 10 July 2013, 19.00.<br \/>\n<strong>Venue<\/strong> : University of Vienna, Kleiner Festsaal.<\/p>\n<p><strong> <a href=\"https:\/\/www.jiscmail.ac.uk\/cgi-bin\/webadmin?A2=ANTHROPOLOGY-MATTERS;3eae04ec.1304\">SUBJECTIVITIES AND MIGRATIONS: PROJECTS OF LIFE, DESIRES AND EXPECTATIONS<\/a><br \/>\n<\/strong>Call for papers to panel on the 5 th Portuguese Congress of Anthropology. <strong>Submission deadline<\/strong>: 22 April.<br \/>\n<strong>Dates<\/strong> : 8-11 September 2013.<br \/>\n<strong>Venue<\/strong> : Vila Real, Portugal.<\/p>\n<p><strong> <a href=\"http:\/\/www.nomadit.co.uk\/apa\/apa2013\/panels.php5?PanelID=2308\">MULTICULTURAL FAMILIES<\/a><br \/>\n<\/strong>Call for papers to panel on the 5 th Portuguese Congress of Anthropology. <strong>Submission deadline<\/strong>: 22 April.<br \/>\n<strong>Dates<\/strong> : 8-11 September 2013.<br \/>\n<strong>Venue<\/strong> : Vila Real, Portugal.<\/p>\n<p><strong> <a href=\"http:\/\/www.basr.ac.uk\/conference.htm\">RELIGION, MIGRATION, MUTATION<\/a><br \/>\n<\/strong>Call for papers to BASR 2013 Annual Conference. <strong>Submission deadline<\/strong>: 1 June 2013.<br \/>\n<strong>Dates<\/strong> : 3-6 September 2013.<br \/>\n<strong>Venue<\/strong> : Liverpool Hope University.<\/p>\n<p><strong> <a href=\"http:\/\/www.metropolis2013.fi\/\">2013 INTERNATIONAL METROPOLIS CONFERENCE<\/a><br \/>\n<\/strong>The <strong>deadline<\/strong> for submitting proposals for workshop has been extended to <strong>30 April<\/strong>.<br \/>\n<strong>Dates<\/strong> : 9-13 September 2013.<br \/>\n<strong>Venue<\/strong> : Tampere, Finland.<\/p>\n<p><strong> <a href=\"http:\/\/h-net.msu.edu\/cgi-bin\/logbrowse.pl?trx=vx&amp;list=H-Migration&amp;month=1303&amp;week=a&amp;msg=6%2B4XeMjwMvfysg%2Ba9iCX2Q\">PRESS AND EXILE IN THE 19TH CENTURY<\/a><br \/>\n<\/strong>Call for abstracts to workshop. <strong>Submission deadline<\/strong>: 24 April 2013.<br \/>\n<strong>Dates<\/strong> : 23-24 September 2013.<br \/>\n<strong>Venue<\/strong> : \u00c9cole fran\u00e7aise de Rome, Italy.<\/p>\n<p><strong> <a href=\"http:\/\/www.uni-bremen.de\/de\/artec-forschungszentrum-nachhaltigkeit\/aktuelles\/singleview\/article\/call-for-papers-1.html?cHash=4d68adf183546c6782984812f6f8100b\">DENATURALIZING CLIMATE CHANGE: MIGRATION, MOBILITIES AND SPACES<\/a><br \/>\n<\/strong>Call for papers to workshop. <strong>Submission deadline<\/strong>: 30 April 2013.<br \/>\n<strong>Dates<\/strong> : 31 October-1 November 2013.<br \/>\n<strong>Venue<\/strong> : G\u00e4stehaus Teerhof, University of Bremen, Germany.<\/p>\n<p><strong> <a href=\"http:\/\/www.regents.ac.uk\/tmc\">COMPARATIVE PERSPECTIVES AND CONTINUITIES<\/a><br \/>\n<\/strong>Call for abstracts to Turkish Migration Conference 2014. <strong>Submission deadline<\/strong>: 3 September 2013.<br \/>\n<strong>Dates<\/strong> : 30 May-1 June 2014.<br \/>\n<strong>Venue<\/strong> : Regent\u2019s College London.<\/p>\n<p>&nbsp;<\/p>\n<p><a id=\"8\" name=\"8\"><\/a>MASTERS, PHDS AND POST DOCS<\/p>\n<p><strong> <a href=\"http:\/\/www.uib.no\/fg\/mimu\/prosjekter\/interrogating-the-global-challenges-for-the-social-sciences\">INTERROGATING THE GLOBAL: CHALLENGES TO THE SOCIAL SCIENCES<\/a> <\/strong><\/p>\n<p>The Migration, Environment and Development research group at the Department of Sociology is pleased to be able to invite PhD candidates from across the social sciences at the University of Bergen to a two-day seminar dedicated to an interrogation of the ways in which we encounter and engage with the global in our research.<br \/>\n<strong>Extended deadline for abstract submission<\/strong> : 25 April 2013.<br \/>\n<strong>Dates<\/strong>: 6-7 June 2013.<br \/>\n<strong>Venue<\/strong>: UiB Global, Jekteviksbakken 31, Bergen.<\/p>\n<p><strong> <a href=\"http:\/\/www.soz.univie.ac.at\/summer-school-2013\">MIGRATION AND INEQUALITY<\/a><br \/>\n<\/strong>Marie Jahoda Summer School. <strong>Application deadline<\/strong>: 25 April 2013.<br \/>\n<strong>Dates<\/strong> : 8-10 July 2013.<br \/>\n<strong>Venue<\/strong> : Department of Sociology, University of Vienna.<\/p>\n<p><strong> <a href=\"http:\/\/www.ehs.unu.edu\/\">TRAINING SCHOOL ON FIELD RESEARCH METHODS IN ENVIRONMENTALLY-INDUCED MIGRATION<\/a><br \/>\n<\/strong>As part of COST Action IS1101 Climate change and migration: knowledge, law and policy, and theory, COST Action Network and UNU-EHS organize a training school on field research methods for early PhD and late Master students, and those planning to conduct a PhD. The training school is designed for students interested in environmentally-induced migration who are planning to conduct field research on this topic.<br \/>\n<strong>Application deadline<\/strong> : 5 May 2013<br \/>\n<strong>Dates<\/strong> : 8-12 July 2013.<br \/>\n<strong>Venue<\/strong> : Bonn, Germany.<\/p>\n<p><strong> <a href=\"https:\/\/www.h-net.org\/jobs\/job_display.php?id=46643\">TWO POST-DOCTORAL RESEARCH POSITIONS AVAILABLE<\/a><br \/>\n<\/strong>The Historical Institute in the Philosophical Faculty of the University of Cologne seeks to appoint two full-time post-doctoral researchers for a period of three years starting on 1st October 2013. The positions will form part of an ERC-funded research project into the transnational history of \u201cLeft-wing Exile in Mexico, 1934-60\u201d.<br \/>\n<strong>Application deadline<\/strong> : 31 May 2013.<\/p>\n<p>&nbsp;<\/p>\n<p><a id=\"9\" name=\"9\"><\/a>NEW PUBLICATIONS<\/p>\n<p><strong> Bj\u00f8rklund, Tor og Johannes Bergh<\/strong> (2013): <em><a href=\"http:\/\/www.cappelendamm.no\/main\/katalog.aspx?f=10108&amp;isbn=9788202396985\">Minoritetsbefolkningens m\u00f8te med det politiske Norge: Partivalg, valgdeltagelse, representasjon<\/a><\/em>. Cappelen Damm.<\/p>\n<p><strong>Bore, Lene, Anne Britt Djuve og Kristian Rose Tronstad<\/strong> (2013): \u201d<a href=\"http:\/\/www.fafo.no\/pub\/rapp\/20301\/index.html\">Etnisk mangfold og likestilling i arbeidslivet<\/a>\u201d. Fafo-rapport 2013:11.<\/p>\n<p><strong> Brochmann, Grete and Elena Jurado<\/strong> (eds.) (2013): <em><a href=\"http:\/\/www.ibtauris.com\/Books\/Society%20%20social%20sciences\/Society%20%20culture%20general\/Social%20issues%20%20processes\/Migration%20immigration%20%20emigration\/Europes%20Immigration%20Challenge%20Reconciling%20Work%20Welfare%20and%20Mobility.aspx?menuitem=%7b2016B394-2AFD-45D1-9885-EFAD5C5A4719%7d\">Europe<\/a><\/em><a href=\"http:\/\/www.ibtauris.com\/Books\/Society%20%20social%20sciences\/Society%20%20culture%20general\/Social%20issues%20%20processes\/Migration%20immigration%20%20emigration\/Europes%20Immigration%20Challenge%20Reconciling%20Work%20Welfare%20and%20Mobility.aspx?menuitem=%7b2016B394-2AFD-45D1-9885-EFAD5C5A4719%7d\"><em>\u2019s Immigration Challenge: Reconciling Work, Welfare and Mobility<\/em><\/a>. I. B. Tauris.<\/p>\n<p><strong>Br\u00e5ten, Beret og Cecilie Thun <\/strong>(2013): <em><a href=\"http:\/\/www.akademikaforlag.no\/content\/krysningspunkter\">Krysningspunkter: Likestillingspolitikk i et flerkulturelt Norge<\/a><\/em>. Akademika.<\/p>\n<p><strong> Espeland, Carl Endre and Jon Rogstad<\/strong> (2013): \u201c<a href=\"http:\/\/www.tandfonline.com\/doi\/full\/10.1080\/1369183X.2013.723251\">Anti-Racism and Social Movements in Norway: The Importance of Critical Events<\/a>\u201d. In <em>Journal of Ethnic and Migration Studies<\/em>, 39:1.<\/p>\n<p><strong>Jupsk\u00e5s, Anders Ravik <\/strong>(red.) (2013): <em><a href=\"http:\/\/www.akademikaforlag.no\/content\/akademiske-perspektiver-p%C3%A5-22-juli\">Akademiske perspektiver p\u00e5 22. juli<\/a><\/em>. Akademika.<\/p>\n<p><strong> Martikainen, Tuomas <\/strong> (2013): <em><a href=\"http:\/\/www.brill.com\/religion-migration-settlement\">Religion, Migration, Settlement: Reflections on Post-1990 Immigration to Finland<\/a><\/em>. Brill.<\/p>\n<p><strong>Sandlie, Hans Christian og Marie Louise Seeberg<\/strong> (2013): \u201d<a href=\"http:\/\/www.nova.no\/id\/26332.0\">Fremtidens leiemarked i et internasjonalt arbeidsmarked<\/a>\u201d. NOVA Notat 1\/2013.<\/p>\n<p><strong> S\u00f6derstr\u00f6m, Ola, Didier Ruedin, Shalini Randeria, Gianni D\u2019Amato and Francesco Panese<\/strong> (eds.) (2013): <em><a href=\"http:\/\/www.routledge.com\/books\/details\/9780415828161\/\">Critical Mobilities<\/a><\/em>. Routledge.<\/p>\n<p>\u201d<a href=\"http:\/\/www.udi.no\/arsrapport2012\">UDI \u00c5rsrapport 2012<\/a>\u201d (2013). Utlendingsdirektoratet.<\/p>\n","protected":false},"excerpt":{"rendered":"<p>march-april 2013 Content: IMER Ph.D fellowship at the University of Bergen Upcoming IMER Bergen Seminars New issue of Nordic Journal of Migration Research Comparative migration studies (CMS) The journal Identities has been relaunched Mobility and politics Conferences and seminars Masters, PhDs and Post Docs New Publications<\/p>\n","protected":false},"author":2804,"featured_media":0,"comment_status":"closed","ping_status":"closed","sticky":false,"template":"","format":"standard","meta":{"footnotes":""},"categories":[45745],"tags":[],"class_list":["post-436","post","type-post","status-publish","format-standard","hentry","category-newsletter"],"_links":{"self":[{"href":"https:\/\/imer.w.uib.no\/index.php?rest_route=\/wp\/v2\/posts\/436","targetHints":{"allow":["GET"]}}],"collection":[{"href":"https:\/\/imer.w.uib.no\/index.php?rest_route=\/wp\/v2\/posts"}],"about":[{"href":"https:\/\/imer.w.uib.no\/index.php?rest_route=\/wp\/v2\/types\/post"}],"author":[{"embeddable":true,"href":"https:\/\/imer.w.uib.no\/index.php?rest_route=\/wp\/v2\/users\/2804"}],"replies":[{"embeddable":true,"href":"https:\/\/imer.w.uib.no\/index.php?rest_route=%2Fwp%2Fv2%2Fcomments&post=436"}],"version-history":[{"count":1,"href":"https:\/\/imer.w.uib.no\/index.php?rest_route=\/wp\/v2\/posts\/436\/revisions"}],"predecessor-version":[{"id":437,"href":"https:\/\/imer.w.uib.no\/index.php?rest_route=\/wp\/v2\/posts\/436\/revisions\/437"}],"wp:attachment":[{"href":"https:\/\/imer.w.uib.no\/index.php?rest_route=%2Fwp%2Fv2%2Fmedia&parent=436"}],"wp:term":[{"taxonomy":"category","embeddable":true,"href":"https:\/\/imer.w.uib.no\/index.php?rest_route=%2Fwp%2Fv2%2Fcategories&post=436"},{"taxonomy":"post_tag","embeddable":true,"href":"https:\/\/imer.w.uib.no\/index.php?rest_route=%2Fwp%2Fv2%2Ftags&post=436"}],"curies":[{"name":"wp","href":"https:\/\/api.w.org\/{rel}","templated":true}]}}