{"id":368,"date":"2009-12-03T14:21:15","date_gmt":"2009-12-03T13:21:15","guid":{"rendered":"http:\/\/imer.w.uib.no\/?p=368"},"modified":"2014-01-01T00:04:11","modified_gmt":"2013-12-31T23:04:11","slug":"imer-newsletter-nr-92009","status":"publish","type":"post","link":"https:\/\/imer.w.uib.no\/?p=368","title":{"rendered":"IMER NEWSLETTER NR. 9\/2009"},"content":{"rendered":"<h4>Thursday, December 3, 2009<\/h4>\n<h3>Content:<\/h3>\n<ul>\n<li>Nytt nettsted: www.migrasjonsforskning.no<\/li>\n<li>(IMER\/UiB): Seminar: Bangstad, Gressg\u00e5rd &amp; Jacobsen: &#8216;Sekularismens ansikter i globalt perspektiv og statsfeminismens lokale fordringer&#8217;<\/li>\n<li>(IMER\/UiB): Seminar: Sharam Alghasi: &#8216;Norske-iranere, mediebruk og kampen om identitet og posisjon&#8217;<\/li>\n<li>(NFR): Velferd, Arbeidsliv og Migrasjon: Programplan og utlysning<\/li>\n<li>(UiO): Seminar: &#8216;Barn og migrasjon: Mellom transnasjonale familier, stat og egne erfaringer&#8217;<\/li>\n<li>(University of Copenhagen): CFP: &#8216;Climate Change and Human Mobility&#8217;<\/li>\n<li>(Helsinki Collegium for advanced studies): Colloquium: &#8216;Problems of Social Solidarity&#8217;<\/li>\n<li>(ESF):Conference: &#8216;Home, Migration and the City : New Narratives, New Methodologies&#8217;<\/li>\n<li>(Uppsala University): CFP: &#8216;Far right networks in Northern and Eastern Europe&#8217;<\/li>\n<li>(REMESO): Graduate School in Migration, Ethnicity and Society<\/li>\n<li>Trinity Immigration Initiative:CFP: *New Migrations, New Challenges*<\/li>\n<li>Publications<!--more--><\/li>\n<\/ul>\n<p><img loading=\"lazy\" decoding=\"async\" alt=\"\" src=\"http:\/\/www.imer.uib.no\/img\/border_gray.jpg\" width=\"600\" height=\"1\" \/><\/p>\n<h5><a id=\"1\" name=\"1\"><\/a>nytt nettsted:<\/h5>\n<h1>www.migrasjonsforskning.no<\/h1>\n<p><a href=\"http:\/\/www.migrasjonsforskning.no\">migrasjonsforskning.no<\/a> -for f\u00f8rste gang et fors\u00f8k p\u00e5 \u00e5 samle all norsk migrasjonsforskning p\u00e5 ett sted!<\/p>\n<p>Norsk Nettverk for Migrasjonsforskning er et nytt, \u00e5pent forskernettverk som skal legge til rette for informasjonsutveksling for forskere og studenter som arbeider innen feltet internasjonal migrasjon, integrasjon og etniske relasjoner. Nettverket \u00f8nsker \u00e5 synliggj\u00f8re norsk forskning for alle som er interessert i forskning og kunnskapsutvikling p\u00e5 feltet.<\/p>\n<p>P\u00e5 nettsidene kan du enkelt f\u00e5 oversikt over:<\/p>\n<p>* norske forskningsprosjekter med migrasjonsrelaterte tema<br \/>\n* fagmilj\u00f8er i Norge som studerer migrasjon, integrasjon og etniske relasjoner<br \/>\n* norske og nordiske aktiviteter, deriblant konferanser, seminarer og undervisningstilbud.<br \/>\n* Publikasjoner p\u00e5 feltet, med lenker til \u00e5 laste ned rapporter og enkelte artikler i fulltekst.<\/p>\n<p>Nettsidene administreres av <a href=\"http:\/\/www.imer.uib.no\">IMER\/UiB<\/a> , men informasjonen baseres p\u00e5 det som hvert enkelt milj\u00f8 sender inn til oss. Sidene vil oppdateres fortl\u00f8pende etter hvert som bidrag kommer inn. Dersom du \u00f8nsker \u00e5 bidra, eller om du har tips til nettsidene, kontakt <a href=\"mailto:imer@global.uib.no\">imer@global.uib.no<\/a>.<\/p>\n<p>Vi h\u00e5per og tror dette nettstedet vil bli en viktig ressurs for mange, s\u00e5 spre dette videre til alle du tror kan v\u00e6re interessert.<\/p>\n<p>Arbeidet med \u00e5 opprette sidene er st\u00f8ttet av Norges Forskningsr\u00e5d.<\/p>\n<p>Styret i Norsk Nettverk for Migrasjonsforskning er:<\/p>\n<p>Hilde Liden, <a href=\"mailto:hilde.liden@samfunnsforskning.no\">hilde.liden@samfunnsforskning.no<\/a><\/p>\n<p>Knut Hidle, <a href=\"mailto:knut.hidle@agderforskning.no\">knut.hidle@agderforskning.no<\/a><\/p>\n<p>Berit Berg, <a href=\"mailto:Berit.Berg@samfunn.ntnu.no\">Berit.Berg@samfunn.ntnu.no<\/a><\/p>\n<p>Sharam Alghasi, <a href=\"mailto:sharam.alghasi@culcom.uio.no\">sharam.alghasi@culcom.uio.no<\/a><\/p>\n<p><img loading=\"lazy\" decoding=\"async\" alt=\"\" src=\"http:\/\/www.imer.uib.no\/img\/border_gray.jpg\" width=\"600\" height=\"1\" \/><\/p>\n<h5><a id=\"2\" name=\"2\"><\/a>IMER\/UiB: Seminar :<\/h5>\n<h1>Sekularismens ansikter i globalt perspektiv og statsfeminismens lokale fordringer<\/h1>\n<table border=\"0\" cellspacing=\"3\" cellpadding=\"3\">\n<tbody>\n<tr>\n<td align=\"right\" width=\"51\"><strong>Tid:<\/strong><\/td>\n<td align=\"left\" width=\"338\">Torsdag 10.12 2009 , kl 10.00<\/td>\n<\/tr>\n<tr>\n<td align=\"right\"><strong>Sted:<\/strong><\/td>\n<td align=\"left\">Bergen Resourcecentre for International Development , Jekteviksbakken 31 . See <a href=\"http:\/\/maps.google.com\/maps?f=q&amp;source=s_q&amp;hl=en&amp;geocode=&amp;q=Jekteviksbakken,+5006+Bergen&amp;sll=37.0625,-95.677068&amp;sspn=49.490703,78.310547&amp;ie=UTF8&amp;t=h&amp;z=16&amp;iwloc=A\">map<\/a><\/td>\n<\/tr>\n<\/tbody>\n<\/table>\n<p>&nbsp;<\/p>\n<ul>\n<li>Sindre Bangstad, H\u00f8gskolen i Oslo<\/li>\n<li>Randi Gressg\u00e5rd, Senter for Kvinne- og kj\u00f8nnsforskning, UiB<\/li>\n<li>Christine Jacobsen, IMER\/Unifob Global<\/li>\n<li><strong>M\u00f8teleder:<\/strong> Anne Sofie Roald, CMI<\/li>\n<\/ul>\n<p>Sekularisme er i l\u00f8pet av de siste \u00e5rene blitt et brennhett tema i Norge. Terrorangrep i Europa utf\u00f8rt av radikale islamister, debatten om bruk av hijab i politiet, \u00abstat-kirke-forliket\u00bb og den s\u00e5kalte Rana-debatten, har f\u00f8rt til at mange n\u00e5 stiller seg sp\u00f8rsm\u00e5let om hva sekularisme er om den har en fremtid i norske og europeiske samfunn.<\/p>\n<p>Med utgangspunkt i boken <strong>Sekularismens Ansikter<\/strong> vil <strong>Sindre Bangstad<\/strong> introdusere ulike teoretiske tiln\u00e6rminger til sekularisme som teori og praksis.\u00a0Han vil ogs\u00e5 diskutere hvordan disse globale og komparative\u00a0perspektivene kan bidra til \u00e5 kaste lys over de p\u00e5g\u00e5ende sekularismedebattene i Norge.<\/p>\n<p>Temaer knyttet til kj\u00f8nn og seksualitet i et flerkulturelt og flerreligi\u00f8st samfunn har v\u00e6rt spesielt sentrale i senere tids debatter, men det er ogs\u00e5 bestemte samfunnsmessige forutsetninger for \u00e5 se disse temaene som de mest sentrale i debattene. <strong>Randi Gressg\u00e5rd<\/strong> og <strong>Christine M. Jacobsen<\/strong> tar utgangspunkt i den amerikanske statsviteren Wendy Brown sin problematisering av<em> liberal sekularisme<\/em> og hennes diskusjon av hvordan toleransebegrepet fungerer som en form for \u201dgovernmentality\u201d i senere tids debatter om islam og homoseksualitet.<\/p>\n<p>Seminaret organiseres av <a href=\"http:\/\/www.imer.uib.no\">IMER\/UiB <\/a><\/p>\n<p><img loading=\"lazy\" decoding=\"async\" alt=\"\" src=\"http:\/\/www.imer.uib.no\/img\/border_gray.jpg\" width=\"600\" height=\"1\" \/><\/p>\n<h5><a id=\"3\" name=\"3\"><\/a>IMER\/UiB: Seminar : Sharam Alghasi<\/h5>\n<h1>&#8220;Norske-iranere, mediebruk og kampen om identitet og posisjon&#8221;<\/h1>\n<table border=\"0\" cellspacing=\"3\" cellpadding=\"3\">\n<tbody>\n<tr>\n<td align=\"right\" width=\"51\"><strong>Tid:<\/strong><\/td>\n<td align=\"left\" width=\"338\">Fredag 22.01 2009 , 13.15<\/td>\n<\/tr>\n<tr>\n<td align=\"right\"><strong>Sted::<\/strong><\/td>\n<td align=\"left\">Bergen Resource Centre for International Development, Jekteviksbakken 31. See <a href=\"http:\/\/maps.google.com\/maps?f=q&amp;source=s_q&amp;hl=en&amp;geocode=&amp;q=Jekteviksbakken,+5006+Bergen&amp;sll=37.0625,-95.677068&amp;sspn=49.490703,78.310547&amp;ie=UTF8&amp;t=h&amp;z=16&amp;iwloc=A\"> map <\/a><\/td>\n<\/tr>\n<\/tbody>\n<\/table>\n<p>Alghasi har studert norske borgere med iransk bakgrunn, deres mediebruk, og meningsdannelsene knyttet til denne mediebruken. Omlag 180 norsk-iranere er involvert i dette studiet. Basert p\u00e5 kvantitative\/kvalitative datamaterial, identifiserer dette studie et kompleks mediebruk blant norsk-iranere, og argumenterer for at denne kompleksiteten gjenspeiler norsk-iraneres inng\u00e5ende forhandlinger om identiet og posisjon i deres hverdag i Norge &#8211;om hvem de er og hvor de h\u00f8rer hjemme&#8211;, og deres forhandlinger om deres fortid \u2013hvem de har v\u00e6rt, og hvor de h\u00f8rte hjemme.<\/p>\n<p>Avhandlingen foresl\u00e5r dermed et samspill mellom norsk-iranernes streben etter identitet og posisjon, og dilemmaer og dobbelheter de befinner seg i, dobbelheter og dilemmaer som er knyttet til her\/der, n\u00e5tid\/fortid, og oss\/dem som er stadig gjeldende og preger norsk-iranernes meningsproduksjon.<\/p>\n<p>&#8212;&#8212;<br \/>\nSharam Alghasi har nylig forsvart avhandlingen sin i sosiologi med tittelen: &#8220;Iranians in Norway; Media Consumption and Identity&#8221;. N\u00e5 jobber han som forsker ved CULCOM. I 2009 utga han &#8220;Paradoxes of Cultural Recognition&#8221; sammen med Thomas Hylland Eriksen og Halleg Ghorashi.<\/p>\n<p>Seminaret organiseres av <a href=\"http:\/\/www.imer.uib.no\">IMER\/UiB <\/a><\/p>\n<p><img loading=\"lazy\" decoding=\"async\" alt=\"\" src=\"http:\/\/www.imer.uib.no\/img\/border_gray.jpg\" width=\"600\" height=\"1\" \/><\/p>\n<h5><a id=\"4\" name=\"4\"><\/a>NFR:<\/h5>\n<h1>&#8220;Velferd, arbeidsliv, migrasjon: Programplan og utlysning&#8221;<\/h1>\n<p>200 millioner kroner til forskerprosjekter innenfor velferd, arbeidsliv og migrasjon\u00a0(VAM) Forskning om velferdssamfunnets \u00f8konomiske, sosiale og normative b\u00e6rekraft, med inklusjon og eksklusjon som sentrale perspektiver.<\/p>\n<p>S\u00f8knadsfrist: <strong>17. februar 2010 13:00 CET<\/strong><\/p>\n<p>Les <a href=\"http:\/\/www.forskningsradet.no\/servlet\/Satellite?c=MidlerParent&amp;cid=1253952012930&amp;kilde=n&amp;pagename=ForskningsradetNorsk%2FHovedsidemal\">mer<\/a><\/p>\n<p><img loading=\"lazy\" decoding=\"async\" alt=\"\" src=\"http:\/\/www.imer.uib.no\/img\/border_gray.jpg\" width=\"600\" height=\"1\" \/><\/p>\n<h5><a id=\"5\" name=\"5\"><\/a><strong>UIO: seminar<\/strong><\/h5>\n<h1>Barn og migrasjon: Mellom transnasjonale familier, stat og egne erfaringer<\/h1>\n<table width=\"413\" border=\"0\" cellspacing=\"3\" cellpadding=\"3\">\n<tbody>\n<tr>\n<td align=\"right\" width=\"46\"><strong>Tid:<\/strong><\/td>\n<td align=\"left\" width=\"346\">8 desember 2009, 09.30 &#8211; 17.00<\/td>\n<\/tr>\n<tr>\n<td align=\"right\"><strong>Sted:<\/strong><\/td>\n<td align=\"left\">Auditorium 2, Georg Sverdrups hus (Universitetsbiblioteket, Blindern<\/td>\n<\/tr>\n<\/tbody>\n<\/table>\n<p>Det NFR-fiansierte forskningsprogrammet Informal child migration in Europe (N-ICME) ved Sosialantropologisk institutt, UiO inviterer til avslutningsseminar hvor vi legger frem forskningsfunn og tanker om veien videre innenfor forskning p\u00e5 barnemigrasjon.<\/p>\n<p>G\u00e5 hit for <a href=\"http:\/\/www.sai.uio.no\/aktuelt\/arrangementer\/andre\/2009\/N-ICME-seminar.html\"> program<\/a><\/p>\n<p><img loading=\"lazy\" decoding=\"async\" alt=\"\" src=\"http:\/\/www.imer.uib.no\/img\/border_gray.jpg\" width=\"600\" height=\"1\" \/><\/p>\n<h5><a id=\"6\" name=\"6\"><\/a>(University of copenhagen): CFP: INTERNATIONAL CONFERENCE:<\/h5>\n<h1>Climate Change and Human Mobility<\/h1>\n<table width=\"449\" border=\"0\" cellspacing=\"3\" cellpadding=\"3\">\n<tbody>\n<tr>\n<td align=\"right\" width=\"43\"><strong>Time:<\/strong><\/td>\n<td align=\"left\" width=\"352\">12-14 April 2010<\/td>\n<\/tr>\n<tr>\n<td align=\"right\" width=\"43\"><strong>Place:<\/strong><\/td>\n<td align=\"left\">University of Copenhagen<\/td>\n<\/tr>\n<\/tbody>\n<\/table>\n<p><strong>Call for papers<\/strong><\/p>\n<p>With the current trends of climate change, new patterns of regional migration emerge in terms of a forced flight from flooded or dried up environments, and in terms of active, adaptive strategies. Clearly, whatever the cause of global climate change, the balance between the regions of the world, and between different groups of people within regions becomes destabilised. It is thus expedient to investigate the practices and wider implications of human mobility in recognition of the fact that environmental change has become a truly global issue. On the whole, the human and social sciences face a major conceptual challenge in scaling their object of study.<\/p>\n<p>Papers that address one of the following session themes are invited:<\/p>\n<p>&#8211; Environmental change and human migration: Conceptual and political<br \/>\nchallenges. Keynote speaker: James Morrissey<\/p>\n<p>&#8211; Social and environmental histories: Lessons of intertwinement.<br \/>\nKeynote speaker: Carole Crumley<\/p>\n<p>&#8211; Societies on the move: Responses to new waterscapes.<br \/>\nKeynote speaker: Jon Barnett<\/p>\n<p>&#8211; Representations of movements: Near or distant sites of attraction.<br \/>\nKeynote speaker: Ben Orlove<\/p>\n<p>More <a href=\"http:\/\/migration.ku.dk\/\">information<\/a><\/p>\n<p><img loading=\"lazy\" decoding=\"async\" alt=\"\" src=\"http:\/\/www.imer.uib.no\/img\/border_gray.jpg\" width=\"600\" height=\"1\" \/><\/p>\n<h5><a id=\"7\" name=\"7\"><\/a>Helsinki Collegium for advanced studies: International Colloquium:<\/h5>\n<h1>Problems of Social Solidarity<\/h1>\n<table width=\"361\" border=\"0\" cellspacing=\"3\" cellpadding=\"3\">\n<tbody>\n<tr>\n<td align=\"right\" width=\"51\" height=\"25\"><strong>Time:<\/strong><\/td>\n<td align=\"left\" width=\"390\">12th &#8211; 13th February 2010<\/td>\n<\/tr>\n<tr>\n<td align=\"right\" height=\"26\"><strong>Place:<\/strong><\/td>\n<td align=\"left\">Helsinki Collegium for Advanced Studies, seminar room, Fabianinkatu 24, Helsinki<\/td>\n<\/tr>\n<\/tbody>\n<\/table>\n<p>The notion of solidarity has returned to the focus of both social scientists and philosophers. Many recent publications have suggested different definitions and differentiations of the concept, arguing for its relevance (or irrelevance) in different aspects of moral, social and political life. The theme indeed resonates to various aspects of social life: cohesion, friendship, altruism, religion, social capital, terrorism, to mention a few. The forthcoming expert seminar &#8220;Problems of Social Solidarity&#8221; will gather together social scientists and philosophers who have discussed problems of social solidarity either theoretically or empirically.<\/p>\n<p>All speakers have confirmed their participation. The focus will be both on the concept and the practices of social solidarity. The seminar is organized by Helsinki Collegium for Advanced Studies, which is a multidisciplinary research unit within University of Helsinki. The organizing committee includes Arto Laitinen and Anne Birgitta Pessi.<\/p>\n<p>Each presentation will have a commentator (mostly research fellows from the Collegium) and will be followed by a discussion by participants.<\/p>\n<p>The seminar is open for all but pre-registration is required. Please book your place by contacting Ms <a href=\"mailto:kirsi.reyes@helsinki.fi\">Kirsi Reyes<\/a><\/p>\n<p>Download <a href=\"http:\/\/www.helsinki.fi\/collegium\/events\/social_solidarity.htm\">programme<\/a><\/p>\n<p><img loading=\"lazy\" decoding=\"async\" alt=\"\" src=\"http:\/\/www.imer.uib.no\/img\/border_gray.jpg\" width=\"600\" height=\"1\" \/><\/p>\n<h5><a id=\"8\" name=\"8\"><\/a>ESF: RESEARCH CONFERENCE:<\/h5>\n<h1>Home, Migration and the City : New Narratives, New Methodologies<\/h1>\n<table width=\"313\" border=\"0\" cellspacing=\"3\" cellpadding=\"3\">\n<tbody>\n<tr>\n<td align=\"right\" width=\"46\"><strong>Time:<\/strong><\/td>\n<td align=\"left\" width=\"246\">6-10 August 2010<\/td>\n<\/tr>\n<tr>\n<td align=\"right\"><strong>Place:<\/strong><\/td>\n<td align=\"left\">Scandic Link\u00f6ping Vast, Link\u00f6ping, Sweden<\/td>\n<\/tr>\n<\/tbody>\n<\/table>\n<p>Chaired by: Dr. Ayona Datta &#8211; London School of Economics, UK<br \/>\nCo -Chair: Dr. Kathy Burrell &#8211; De Montfort University, Leicester, UK<\/p>\n<p>There has been a recent surge of scholarship from human geography, sociology, history, architecture, and cultural studies that focuses on migration as a social, political, cultural and material process. This area of research on migration examines migrants\u2019 transnational spatial practices, social and political identities and relationships with the state. Central to this research has been a recognition that at the heart of migration lies a fundamental transformation in spaces and places that are linked to the social and cultural meanings of home and belonging.<\/p>\n<p>This conference takes \u2018narratives\u2019 \u2013 broadly defined as stories, diaries, myths, photographs, music, films, media images and representations of movement \u2013 as the analytical starting point for new research on migration. Narratives have several dimensions. Firstly, migrant narratives need to be understood as inherently spatial. As is widely acknowledged, migrants\u2019 stories of movement are often stories of different places at different moments, and thus are essentially \u2018spatial stories\u2019. Secondly, this spatiality of migration narratives is<br \/>\nmulti-scalar; it can relate to belonging on a national, political scale, represent locality dynamics, more small-scale, personal experiences of migration, or even the material narratives of migration, such as stories of significant objects and material culture. Thirdly, the performative element of migrants\u2019 narratives is very strong; not all narratives are textual but instead are enacted through music, theatre, film, food, or dance. Finally, such narratives can also be highly visual, corporeal, and embodied, whether through media representations, artwork, or architecture. Such a broad conceptualisation of migrant narratives demands new interdisciplinary theories and methodologies to understand the interconnected landscapes of home, migration and the city.<\/p>\n<p>This conference thus aims to question and compare such narratives and counter-narratives, in different contexts within Europe and beyond, through interdisciplinary perspectives from the humanities and social sciences. Methodological perspectives will therefore be central to the discussions during this conference, to encourage and disseminate interdisciplinary approaches to researching migration. The following questions will help to shape this conference:<\/p>\n<p>\u2022 How are narratives of migration used, shared, remembered,<br \/>\nmaterialised, performed and represented in different contexts?<br \/>\n\u2022 How do narratives shape belonging and attachment, inclusions and<br \/>\nexclusions, around ideas of home(s) and the city?<br \/>\n\u2022 How do we examine these diverse narratives of movement through<br \/>\ntheoretical and methodological innovation?<\/p>\n<p>For more information, to send abstracts, and to register go <a href=\"http:\/\/www.esf.org\/activities\/esf-conferences\/details\/2010\/confdetail317.html\">here<\/a><\/p>\n<p>Young researchers are particularly welcome. The conference has limited funds to fully or partially support expenses of young researchers.<\/p>\n<p><strong>Deadline for abstracts: 16 April 2010<\/strong><\/p>\n<p><img loading=\"lazy\" decoding=\"async\" alt=\"\" src=\"http:\/\/www.imer.uib.no\/img\/border_gray.jpg\" width=\"600\" height=\"1\" \/><\/p>\n<h5><a id=\"9\" name=\"9\"><\/a>Uppsala University: CFP: CONFERENCE:<\/h5>\n<h1>Far right networks in Northern and Eastern Europe<\/h1>\n<table width=\"313\" border=\"0\" cellspacing=\"3\" cellpadding=\"3\">\n<tbody>\n<tr>\n<td align=\"right\" width=\"46\"><strong>Time:<\/strong><\/td>\n<td align=\"left\" width=\"246\">25-27 March, 2010<\/td>\n<\/tr>\n<tr>\n<td align=\"right\"><strong>Place:<\/strong><\/td>\n<td align=\"left\">Uppsala University<\/td>\n<\/tr>\n<\/tbody>\n<\/table>\n<p><strong>Call for papers <\/strong><\/p>\n<p>Ever since the fall of the wall dividing Eastern and Western Europe, networks of far-right groups have proliferated. New generations of activists have made use of new organizational and technical tools to recruit. During recent years informal organizational patterns and an increasing reliance on different parts of the internet \u2013 the World Wide Web, News-groups, e-mail lists, Youtube, social forums and chat rooms \u2013 have increased the general exposure to different kinds of hate and prejudiced propaganda.<\/p>\n<p>Among the invited speakers are:<\/p>\n<p><i>Hel\u00e9ne L\u00f6\u00f6w<\/i>, Department of History, Uppsala University. Her publications include the two-band <i>Nazismen i Sverige<\/i> (Nazism in Sweden; 1998\/2003), and <strong>The cultic milieu : oppositional subcultures in an age of globalization \/ edited by Jeffrey Kaplan and Hel\u00e9ne L\u00f6\u00f6w<\/strong>, Altamira Press: Walnut Creek 2002.<\/p>\n<p><i>Andreas Kl\u00e4rner<\/i>, Institut f\u00fcr Soziologie und Demographie, University of Rostock. His publications include: <strong>Zwischen Militanz und B\u00fcrgerlichkeit: Selbstverst\u00e4ndnis und Praxis der extremen Rechten, <\/strong>Hamburger Edition, Hamburg 2008. This book is the best example to date of in-depth studies of new organizational developments among neo-nazi groups in Germany.<\/p>\n<p><i>Ralf Wiederer<\/i>, Katholische Universit\u00e4t Eichst\u00e4tt-Ingolstadt. His publications include<br \/>\n<strong>Zur virtuellen Vernetzung des internationalen Rechtsextremismus, <\/strong>Centaurus Verlag, Herbolzheim, 2007, which is a both sociologically and technically groundbreaking study of how far-right groups on the internet connect and interact.<\/p>\n<p>The Department of history at the Uppsala University invites scholars and students to participate in a three day conference on far right and neo-nazi networks. Both session and paper suggestions are welcomed, and should be directed to <a href=\"mailto:Mats.Deland@hist.uu.se\">Mats.Deland@hist.uu.se<\/a><\/p>\n<p>Deadlines are:<br \/>\n<strong>Sessions<\/strong>: January 15th, 2010<br \/>\n<strong>Papers<\/strong>: <i>Abstracts<\/i>: February 1st, 2010; <i>Drafts <\/i>March 1st, 2010.<\/p>\n<p>Both sessions and papers will be published on the web, in order of acceptance (www.hist.uu.se).<\/p>\n<p>A fee of \u20ac50 will be charged of all participants, excluding specially invited speakers. This fee will include a reception, lunches and refreshments. If possible, travel and accommodation will be subsidized for undergraduates. More information about these things, and a preliminary programme, will be published in January.<\/p>\n<p><img loading=\"lazy\" decoding=\"async\" alt=\"\" src=\"http:\/\/www.imer.uib.no\/img\/border_gray.jpg\" width=\"600\" height=\"1\" \/><\/p>\n<h5><a id=\"10\" name=\"10\"><\/a> REMESO:<\/h5>\n<h1>Graduate School in Migration, Ethnicity and Society<\/h1>\n<table width=\"395\" border=\"0\" cellspacing=\"3\" cellpadding=\"3\">\n<tbody>\n<tr>\n<td align=\"right\" width=\"46\"><strong>Time:<\/strong><\/td>\n<td align=\"left\" width=\"328\">18 januar-26 februar<br \/>\nIntensiv forelesningsuke i Norrk\u00f6ping: 1-5 februar.<\/td>\n<\/tr>\n<tr>\n<td align=\"right\"><strong>Place:<\/strong><\/td>\n<td align=\"left\">Universitetet i Link\u00f6ping<\/td>\n<\/tr>\n<\/tbody>\n<\/table>\n<p>REMESO-instituttet ved Universitetet i Link\u00f6ping tilbyr kurs for forskerstudenter (Phd- eller masterstudenter). Kursene er tverrfaglige, og tar for seg ulike teoretiske, metodologiske og empiriske perspektiver p\u00e5 internasjonal migrasjon. Alle kursene er p\u00e5 engelsk.<\/p>\n<p><i>Kurs v\u00e5r 2010:<\/i><\/p>\n<p>&#8220;International Migration, Ethnicity and Gender: Intersectional Perspectives on Labour, Power and Citizenship&#8221;<\/p>\n<p>Mer om <a href=\"http:\/\/www.isv.liu.se\/remeso\/remeso-graduate-school\">kursene<\/a><\/p>\n<p>Mer informasjon om <a href=\"http:\/\/www.isv.liu.se\/remeso\/start\">REMESO<\/a><\/p>\n<p><img loading=\"lazy\" decoding=\"async\" alt=\"\" src=\"http:\/\/www.imer.uib.no\/img\/border_gray.jpg\" width=\"600\" height=\"1\" \/><\/p>\n<h5><a id=\"11\" name=\"11\"><\/a>Trinity Immigration Initiative:CFP: International Conference:<\/h5>\n<h1>NEW MIGRATIONS, NEW CHALLENGES<\/h1>\n<table width=\"395\" border=\"0\" cellspacing=\"3\" cellpadding=\"3\">\n<tbody>\n<tr>\n<td align=\"right\" width=\"46\"><strong>Time:<\/strong><\/td>\n<td align=\"left\" width=\"328\">30 June \u2013 3 July, 2010<\/td>\n<\/tr>\n<tr>\n<td align=\"right\"><strong>Place:<\/strong><\/td>\n<td align=\"left\">Trinity College Dublin, Ireland<\/td>\n<\/tr>\n<\/tbody>\n<\/table>\n<p><strong>Call For Papers<\/strong><\/p>\n<p>In the 21st century new population movements and migration flows are reshaping European societies, particularly in countries transformed from emigration to in-migration, including, since 2004, the EU&#8217;s new member states.<\/p>\n<p>This conference \u2013 organised by the Trinity Immigration Initiative, an interdisciplinary research programme located in one of Europe\u2019s new migration destinations \u2013 aims to debate the global and national implications of these new migration flows for sending and receiving countries and for migrants themselves.<br \/>\nWhat are the implications of these migrations for Europe? What do these migrations mean for new immigrant societies? What lessons can be learnt from countries with longer immigration experience?<\/p>\n<p>Plenary Speakers:<\/p>\n<p>*Professor Loic Wacquant, Research Associate at the Institute for Legal Research, Boalt Law School, University of California at Berkeley. Rresearcher at the Centre de sociologie europ\u00e9enne in Paris.<\/p>\n<p>* Dr Adrian Favell, Associate Professor of Sociology, University of California, Los Angeles.<\/p>\n<p>Papers are invited around the following themes:<\/p>\n<p>\u2022 Migrants\u2019 economic, social and cultural integration<br \/>\n\u2022 Policy implications for state institutions with particular reference to<br \/>\ncriminal justice system and housing policies<br \/>\n\u2022 The education system\u2019s response to the linguistic challenges of<br \/>\nimmigration<br \/>\n\u2022 Migration, employment and the regulation of the labour market<br \/>\n\u2022 Children, youth and immigration<br \/>\n\u2022 Migrant-led networks and their role in migrant integration<\/p>\n<p>More <a href=\"http:\/\/www.tcd.ie\/immigration\/conference2010.php\">information<\/a><\/p>\n<p><strong>Deadline for submission of abstracts is 12.00 (noon GMT), Friday 29th January, 2010.<\/strong><\/p>\n<p>&nbsp;<\/p>\n<p><img loading=\"lazy\" decoding=\"async\" alt=\"\" src=\"http:\/\/www.imer.uib.no\/img\/border_gray.jpg\" width=\"600\" height=\"1\" \/><\/p>\n<h5><a id=\"12\" name=\"12\"><\/a>Publications:<\/h5>\n<p>&nbsp;<\/p>\n<p><strong>* Korac, Maja<\/strong> (2009): <i>Reconstructing Life, Place and Identity in Rome and Amsterdam<\/i> Berghahn Publishing<\/p>\n<p>Mer <a href=\"http:\/\/www.berghahnbooks.com\/title.php?rowtag=KoracRemaking\">informasjon<\/a><\/p>\n<p><img loading=\"lazy\" decoding=\"async\" alt=\"\" src=\"http:\/\/org.uib.no\/imer\/img\/border_gray.jpg\" width=\"600\" height=\"1\" \/><\/p>\n<p><strong>*Bonifacio, Glenda Tibe &amp; Angeles, Vivienne SM. (eds)<\/strong>(2009): <i>Gender, Religion, and Migration: Pathways of Integration. <\/i>Lexington Books<\/p>\n<p>More<a href=\"http:\/\/www.lexingtonbooks.com\/Catalog\/SingleBook.shtml?command=Search&amp;db=%5EDB\/CATALOG.db&amp;eqSKUdata=0739133136\"> information<\/a><\/p>\n<p><img loading=\"lazy\" decoding=\"async\" alt=\"\" src=\"http:\/\/www.imer.uib.no\/img\/border_gray.jpg\" width=\"600\" height=\"1\" \/><\/p>\n<p><strong>*Phillips, Richard (ed) <\/strong>(2009) <i>Muslim Spaces of Hope Geographies of Possibility in Britain and the West <\/i>Zed Books<\/p>\n<p>More <a href=\"http:\/\/www.zedbooks.co.uk\/book.asp?bookdetail=4340\">information <\/a><\/p>\n<p><img loading=\"lazy\" decoding=\"async\" alt=\"\" src=\"http:\/\/www.imer.uib.no\/img\/border_gray.jpg\" width=\"600\" height=\"1\" \/><\/p>\n<p><strong>* H\u00fcwelmeier, Gertrud and Krause, Kristine (eds) <\/strong>(2009) <i>Media, Religion and Conflict<\/i>. Routledge Studies in Anthropology<\/p>\n<p>More<a href=\"http:\/\/www.routledge.com\/books\/Traveling-Spirits-isbn9780415998789\"> information<\/a><\/p>\n<p><img loading=\"lazy\" decoding=\"async\" alt=\"\" src=\"http:\/\/www.imer.uib.no\/img\/border_gray.jpg\" width=\"600\" height=\"1\" \/><\/p>\n<p><strong>* Dahlstedt, Inge <\/strong>(2009) <i>Education and labour market integration &#8211; The role of formal education in the process of ensuring a place in the occupational structure for natives and immigrants<\/i>. PhD avhandling. IMER Etnicitet 2009<\/p>\n","protected":false},"excerpt":{"rendered":"<p>Thursday, December 3, 2009 Content: Nytt nettsted: www.migrasjonsforskning.no (IMER\/UiB): Seminar: Bangstad, Gressg\u00e5rd &amp; Jacobsen: &#8216;Sekularismens ansikter i globalt perspektiv og statsfeminismens lokale fordringer&#8217; (IMER\/UiB): Seminar: Sharam Alghasi: &#8216;Norske-iranere, mediebruk og kampen om identitet og posisjon&#8217; (NFR): Velferd, Arbeidsliv og Migrasjon: Programplan og utlysning (UiO): Seminar: &#8216;Barn og migrasjon: Mellom transnasjonale familier, stat og egne erfaringer&#8217; [&hellip;]<\/p>\n","protected":false},"author":2804,"featured_media":0,"comment_status":"closed","ping_status":"closed","sticky":false,"template":"","format":"standard","meta":{"footnotes":""},"categories":[45745],"tags":[],"class_list":["post-368","post","type-post","status-publish","format-standard","hentry","category-newsletter"],"_links":{"self":[{"href":"https:\/\/imer.w.uib.no\/index.php?rest_route=\/wp\/v2\/posts\/368","targetHints":{"allow":["GET"]}}],"collection":[{"href":"https:\/\/imer.w.uib.no\/index.php?rest_route=\/wp\/v2\/posts"}],"about":[{"href":"https:\/\/imer.w.uib.no\/index.php?rest_route=\/wp\/v2\/types\/post"}],"author":[{"embeddable":true,"href":"https:\/\/imer.w.uib.no\/index.php?rest_route=\/wp\/v2\/users\/2804"}],"replies":[{"embeddable":true,"href":"https:\/\/imer.w.uib.no\/index.php?rest_route=%2Fwp%2Fv2%2Fcomments&post=368"}],"version-history":[{"count":1,"href":"https:\/\/imer.w.uib.no\/index.php?rest_route=\/wp\/v2\/posts\/368\/revisions"}],"predecessor-version":[{"id":369,"href":"https:\/\/imer.w.uib.no\/index.php?rest_route=\/wp\/v2\/posts\/368\/revisions\/369"}],"wp:attachment":[{"href":"https:\/\/imer.w.uib.no\/index.php?rest_route=%2Fwp%2Fv2%2Fmedia&parent=368"}],"wp:term":[{"taxonomy":"category","embeddable":true,"href":"https:\/\/imer.w.uib.no\/index.php?rest_route=%2Fwp%2Fv2%2Fcategories&post=368"},{"taxonomy":"post_tag","embeddable":true,"href":"https:\/\/imer.w.uib.no\/index.php?rest_route=%2Fwp%2Fv2%2Ftags&post=368"}],"curies":[{"name":"wp","href":"https:\/\/api.w.org\/{rel}","templated":true}]}}