{"id":290,"date":"2006-03-21T18:03:39","date_gmt":"2006-03-21T17:03:39","guid":{"rendered":"http:\/\/imer.w.uib.no\/?p=290"},"modified":"2013-12-29T18:40:09","modified_gmt":"2013-12-29T17:40:09","slug":"imer-newsletter-nr-42006-march","status":"publish","type":"post","link":"https:\/\/imer.w.uib.no\/?p=290","title":{"rendered":"IMER NEWSLETTER NR. 4\/2006"},"content":{"rendered":"<h1>IMER NEWSLETTER<\/h1>\n<h4>Friday, 24 March 2006<\/h4>\n<h2>Newsletter Nr. 4 \/ 2006<\/h2>\n<h3>Content:<\/h3>\n<ul>\n<li>Conferences<\/li>\n<li>Seminars<\/li>\n<li>Projects<\/li>\n<li>Finnish Journal of Ethnicity and Migration<\/li>\n<li>CAPI International Internship Program 2006<\/li>\n<li>European Master in International Education<\/li>\n<li>The International Work Group for Indigenous Affairs (IWGIA) seeks Director<\/li>\n<li>Culcom: Utlysing av midler til forskning og studier<\/li>\n<li>Concert Saturday 25 March: the soul band Lodin Lepp<\/li>\n<li>DIIS Briefs<\/li>\n<li>Publications<!--more--><\/li>\n<\/ul>\n<p><img loading=\"lazy\" decoding=\"async\" alt=\"\" src=\"http:\/\/org.uib.no\/imer\/img\/border_gray.jpg\" width=\"600\" height=\"1\" \/><\/p>\n<h5><a id=\"1\" name=\"1\"><\/a>Conferences:<\/h5>\n<h3>Immigration Futures<\/h3>\n<table border=\"0\" cellspacing=\"3\" cellpadding=\"3\">\n<tbody>\n<tr>\n<td align=\"right\" width=\"51\"><strong>Time:<\/strong><\/td>\n<td align=\"left\">18-19 May 2006<\/td>\n<\/tr>\n<tr>\n<td align=\"right\"><strong>Place:<\/strong><\/td>\n<td align=\"left\">Monash Centre, Prato , Italy<\/td>\n<\/tr>\n<\/tbody>\n<\/table>\n<p>Immigration Futures will bring together some of the top academics, policy-makers and internationally-renowned migration thinkers to discuss future migration flows, competition for skilled labour, and the policies that countries might adopt to meet labour demands and demographic realities.<\/p>\n<p>Key themes include:<\/p>\n<p>* The pattern of skilled migration flows<\/p>\n<p>* Comparative approaches to the selection of skilled migrants<\/p>\n<p>* The strategic advantages of permanent migration versus temporary programs<\/p>\n<p>* The ethics of &#8216;cherry-picking&#8217;: out-migration and its impact on source countries<\/p>\n<p>* Circular migration<\/p>\n<p>Speakers will include Ron Skeldon ( University of Sussex), Michael Teitelbaum (Alfred P. Sloan Foundation), Demetrios Papademetriou (Migration Policy Institute), Steve Vertovec (Oxford University), Patricia Sto Tomas (Government of the Philippines), Graeme Hugo (Adelaide University), John Martin (OECD), Kumi Naidoo (CIVICUS), Bob Rowthorn (Cambridge University), Dilip Ratha (World Bank), Christina Boswell (Hamburg Institute for International Economics), Richard Bedford (Waikato University), Sandra Pratt (European Commission), Keiko Osaki (United Nations Economic and Social Commission for Asia and the Pacific), Sin Yi Teo (University of British Columbia) and Gerald Burke (Monash University).<\/p>\n<p>To view the conference program or to register, please visit: <a href=\"http:\/\/www.monash.edu.au\/cmo\/immigrationfutures\/index.html\">here<\/a>.<\/p>\n<p>Immigration Futures is a Metropolis Inter-Conference event that has been organized in collaboration with the Monash Institute for the Study of Global Movements and the Australian Multicultural Foundation.<\/p>\n<h3>11 th International Metropolis Conference, Call for workshop proposals<\/h3>\n<p><strong>\u201cPaths &amp; Crossroads: Moving People, Changing Places\u201d<\/strong><\/p>\n<table border=\"0\" cellspacing=\"3\" cellpadding=\"3\">\n<tbody>\n<tr>\n<td align=\"right\" width=\"51\"><strong>Time:<\/strong><\/td>\n<td align=\"left\">2-6 October 2006<\/td>\n<\/tr>\n<tr>\n<td align=\"right\"><strong>Place:<\/strong><\/td>\n<td align=\"left\">Lisbon , Portugal<\/td>\n<\/tr>\n<\/tbody>\n<\/table>\n<p>People on the move grow increasingly diverse, and so do the routes, processes and places involved. For this reason, the 11th International Metropolis Conference intends to provide a forum to foster the exchange of knowledge and encourage dialogue among specialists and decision-makers from places that send and receive migrants.<\/p>\n<p>The 2006 Conference will be of interest to policymakers, administrators, non-governmental organisations, academic researchers, students and stakeholders from the private sector involved and interested in international migration and urban management issues. It is geared towards more effective policy making, more socially meaningful research practices and the excitement of international collaboration towards common goals related to immigration and integration issues, always with the goal of strengthening policy and thereby allowing societies to better manage the challenges and opportunities that immigration presents, especially to their cities.<\/p>\n<p>Deadline for workshop proposals: 31 March 2006<\/p>\n<p>Read more here: <a href=\"http:\/\/www.ceg.ul.pt\/metropolis2006\/\">http:\/\/www.ceg.ul.pt\/metropolis2006\/<\/a><\/p>\n<p><img loading=\"lazy\" decoding=\"async\" alt=\"\" src=\"http:\/\/org.uib.no\/imer\/img\/border_gray.jpg\" width=\"600\" height=\"1\" \/><\/p>\n<h5><a id=\"2\" name=\"2\"><\/a>Seminars<\/h5>\n<h3>Culcom presents:<\/h3>\n<p><strong>Dr. Joachim Renn<\/strong>, <em>Institut f\u00fcr Soziologie, Friedrich Alexander Universit\u00e4t Erlangen-N\u00fcrnberg<\/em>:<\/p>\n<p>&#8220;Desperate Identity: Diasporic, Imagined and Reified Communities in the Globalized World&#8221;<\/p>\n<table border=\"0\" cellspacing=\"3\" cellpadding=\"3\">\n<tbody>\n<tr>\n<td align=\"right\" width=\"51\"><strong>Time:<\/strong><\/td>\n<td align=\"left\">Friday 24 March 2006, 10.00 &#8211; 12.00<\/td>\n<\/tr>\n<tr>\n<td align=\"right\"><strong>Place:<\/strong><\/td>\n<td align=\"left\">Georg Sverdrups hus, seminar room 3, 3 rd floor<\/td>\n<\/tr>\n<\/tbody>\n<\/table>\n<p>See the entire seminar programme for spring 2006 here: <a href=\"http:\/\/www.culcom.uio.no\/aktivitet\/index.html\">http:\/\/www.culcom.uio.no\/aktivitet\/index.html<br \/>\n<\/a><\/p>\n<h3>Department of Social Anthropology, University of Oslo presents:<\/h3>\n<p><strong>Radhika Chopra<\/strong>, <em> University of Delhi<\/em>:<\/p>\n<p>&#8220;Migration and Militancy&#8221;<\/p>\n<table border=\"0\" cellspacing=\"3\" cellpadding=\"3\">\n<tbody>\n<tr>\n<td align=\"right\" width=\"51\"><strong>Time:<\/strong><\/td>\n<td align=\"left\">Wednesday 29 March 2006, 14.15 &#8211; 16.00<\/td>\n<\/tr>\n<tr>\n<td align=\"right\"><strong>Place:<\/strong><\/td>\n<td align=\"left\">Seminar room 648, 6 th floor Eliert Sundts Hus (Sv-bygget), Blindern<\/td>\n<\/tr>\n<\/tbody>\n<\/table>\n<p>The seminar will be held in English.<\/p>\n<p><img loading=\"lazy\" decoding=\"async\" alt=\"\" src=\"http:\/\/org.uib.no\/imer\/img\/border_gray.jpg\" width=\"600\" height=\"1\" \/><\/p>\n<h5><a id=\"3\" name=\"3\"><\/a>Projects<\/h5>\n<h3>New ECMI project on the aspect of culture in social inclusion<\/h3>\n<p>\u201cThe aspects of culture in the social exclusion of ethnic minorities: Assessing the cultural policies of six member states of the European Union\u201d<\/p>\n<p>This project proposes to evaluate the cultural policies introduced in National Action Plans (NAPs) on Social Inclusion under the European Union\u2019s Open Method of Co-ordination (OMC) by six member states (Estonia, Latvia, Czech Republic, Slovak Republic, Slovenia and Sweden) in terms of their impact on promoting social inclusion of ethnic minorities, including Roma\/Sinti groups. The specific added value of this evaluation will be the piloting of a set of Common Inter-Cultural Indicators (CICIs) feasible for cost-effectiveness analyses and benchmarking within the EU.<\/p>\n<p>Read more about the project here: <a href=\"http:\/\/www.ecmi-eu.org\/projects\/omc\/\">http:\/\/www.ecmi-eu.org\/projects\/omc\/<br \/>\n<\/a><\/p>\n<h3>New research project: Informal Child Migration in Europe<\/h3>\n<p>A new research project, &#8216;Informal Child Migration in Europe&#8217; has received funding from the Research Council of Norway. The project was initiated 1 March 2006 and will go on till 30 September 2007. It will be based at the Department of Social Anthropology, University of Oslo, in collaboration with different other research institutions.<\/p>\n<p>The following researchers from the Department of Social Anthropology will participate: Professor <a href=\"http:\/\/www.sai.uio.no\/forskning\/presentasjon\/kompetanse\/furst.html\">Elisabeth L&#8217;orange F\u00fcrst<\/a> (project leader), <a href=\"http:\/\/www.sai.uio.no\/forskning\/presentasjon\/kompetanse\/leifsen.html\">Esben Leifsen<\/a> (project coordinator) and Cecilie \u00d8ien. In addition there will be one PhD scholarship connected to the project. Other participants are <a href=\"http:\/\/www.prio.no\/page\/Staff_detail\/Programme_detail_PRIO\/9375\/37528.html\">J\u00f8rgen Carling<\/a> (PRIO), <a href=\"http:\/\/www.fafo.no\/pers\/bio\/lib.htm\">Lise Bjerkan<\/a> (FAFO), <a href=\"http:\/\/www.fafo.no\/pers\/bio\/gty.htm\">Guri Tyldum<\/a> (FAFO) and <a href=\"http:\/\/www.samfunnsforskning.no\/page\/Ansatte\/Ansatte_hovedside\/1416\/5771.html%22\">Hilde Lid\u00e9n<\/a> (ISF).<\/p>\n<p>The focus of the project is on how networks of caretaking constitute a resource for children and adult caretakers who are involved in informal and illegal migration to and within Europe. In addition to a focus on the migrants\u2019 relationship to state control, the project will concentrate on the social relationships of the involved, with a special emphasis on care practices based on kinship.<\/p>\n<p>A Phd. Scholarship is vacant at the project &#8220;Informal Child Migration in Europe&#8221;. Read more here: <a href=\"http:\/\/www.sai.uio.no\/stillinger.html\">http:\/\/www.sai.uio.no\/stillinger.html<\/a><\/p>\n<p>For further information, please contact project manager Elisabeth L&#8217;orange F\u00fcrst, phone: +47 22 85 83 16, e-mail: <a href=\"mailto:e.l.furst@sai.uio.no\">e.l.furst@sai.uio.no<\/a> or Birgitte B\u00f8gh-Olsen, phone: +47 22 85 65 27, e-mail: <a href=\"mailto:birgitte.bogh-olsen@sai.io.no\">birgitte.bogh-olsen@sai.io.no<\/a><\/p>\n<h3>NOVA prosjekt: Integrering p\u00e5 arbeidsplassen<\/h3>\n<p>Hva skjer med arbeidsplassene n\u00e5r etnisk mangfold blir en del av hverdagen? Dette er bakgrunnen for et forskningsprosjekt gjennomf\u00f8rt ved NOVA. Resultatene viser at n\u00e5r arbeidsplassen hadde som prinsipp at alle skal behandles likt, ledet dette i praksis til diskriminering, mens der en la vekt p\u00e5 at forskjeller er viktige, samt hadde en bevisst holdning til diskriminering, endte en opp med et \u00e5pent og inkluderende milj\u00f8.<\/p>\n<p>Prosjektet &#8220;Arbeidsplasser i helse- og omsorgssektoren: kj\u00f8nn, klasse, etnisitet&#8221; er finansiert av Norges forskningsr\u00e5d og omfatter flere temaer enn de som er nevnt her. Resultatene er publisert i NOVA-rapport 24\/05: &#8220;Det er kunnskapene mine dere trenger, ikke spr\u00e5ket mitt.&#8221; Etnisitet, kj\u00f8nn og klasse ved to arbeidsplasser i helse- og omsorgssektoren, skrevet av Marie Louise Seeberg og Rannveig Dahle.<\/p>\n<p>Les mer her: <a href=\"http:\/\/www.nova.no\/index.gan?id=10042&amp;subid=0\">http:\/\/www.nova.no\/index.gan?id=10042&amp;subid=0<\/a><\/p>\n<p><img loading=\"lazy\" decoding=\"async\" alt=\"\" src=\"http:\/\/org.uib.no\/imer\/img\/border_gray.jpg\" width=\"600\" height=\"1\" \/><\/p>\n<h5><a id=\"4\" name=\"4\"><\/a>Finnish Journal of Ethnicity and Migration<\/h5>\n<p>The Society for the Study of Ethnic Relations and International Migration (ETMU) begins to publish an electronic, refereed journal in the year 2006. The name of the journal is Finnish Journal of Ethnicity and Migration, and the purpose of the journal is to promote and advance the circulation of the multidisciplinary study of ethnic relations and international migration that is conducted in Finland and the Nordic countries. (This does not, of course, exclude writers outside this area to send in manuscripts). In addition the journal aims at bringing new topics under discussion that are of social and political significance. The languages for publication are English, Finnish and Swedish.<\/p>\n<p>Here research on ethnic relations is to be understood in a broad sense so that it also covers research on international migration, refugees, multiculturalism, racism, nationalism, integration, minority rights, immigrants, national minorities, citizenship and other comparable areas of interest.<\/p>\n<p>The journal will be published twice a year. ETMU edits the journal in collaboration with CEREN ( University of Helsinki), the Institute of Migration ( Turku), the Family Federation ( Helsinki) and the Karelian Institute ( University of Joensuu). The publisher of the journal is ETMU.<\/p>\n<p>The first volume will be published in June and the second in November in 2006. We encourage authors to send papers that have been delivered at the ETMU Days, but certainly welcome and accept other articles as well. All manuscripts that are within the areas of interest to the society are welcome. Furthermore, we also accept book reviews and commentaries on current research and societal affairs.<\/p>\n<p>The editor-in-chief is Matti Simil\u00e4 (CEREN) and assistant editor-in-chief is Krister Bj\u00f6rklund ( Institute of Migration). Other members of the editorial board are Elli Heikkil\u00e4, Tuomas Martikainen, Sari Pietik\u00e4inen, Vesa Puuronen, Teppo Sintonen and Marja Tiilikainen.<\/p>\n<p>The deadline for the first volume is 4th April and for the second 30 th September, 2006.<\/p>\n<p>GUIDELINES FOR ARTICLE PROPOSALS<br \/>\nThe article manuscripts will be sent electronically to the editor in chief, <a href=\"mailto:matti.simila@helsinki.fi\">matti.simila@helsinki.fi<\/a> , who then sends it to two anonymous referees for review.<\/p>\n<p>The manuscript is recommended to contain between 5000 and 8000 words. An Abstract of 150 &#8211; 200 words should be attached. Commentaries around 1 500 words.<\/p>\n<p>Font Times New Roman 12 pt, line spacing 1,5.<br \/>\nNo hyphenation.<br \/>\nNo footnotes.<\/p>\n<p>Read more about The Society for the Study of Ethnic Relations and International Migration (ETMU) here: <a href=\"http:\/\/www.etmu.fi\/index.php?id=13\">http:\/\/www.etmu.fi\/index.php?id=13<\/a><\/p>\n<p><img loading=\"lazy\" decoding=\"async\" alt=\"\" src=\"http:\/\/org.uib.no\/imer\/img\/border_gray.jpg\" width=\"600\" height=\"1\" \/><\/p>\n<h5><a id=\"5\" name=\"5\"><\/a>CAPI International Internship Program 2006<\/h5>\n<p>Centre for Asia-Pacific Initiatives is pleased to announce that we have ten exciting internship opportunities in the Asia-Pacific Region.<\/p>\n<p>(Poster can be found at <a href=\"http:\/\/org.uib.no\/imer\/newsletter\/www.capi.uvic.ca\">www.capi.uvic.ca<\/a> )<\/p>\n<p>The dateline for the application is March 31, 2006.<\/p>\n<p>Read more <a href=\"http:\/\/www.capi.uvic.ca\/opportunities\/Internship%20Program\/2006-07\/2006-07%20index.htm\">here<\/a><\/p>\n<p><img loading=\"lazy\" decoding=\"async\" alt=\"\" src=\"http:\/\/org.uib.no\/imer\/img\/border_gray.jpg\" width=\"600\" height=\"1\" \/><\/p>\n<h5><a id=\"6\" name=\"6\"><\/a>European Master in International Education<\/h5>\n<p>Since 1999 the Freie Universit\u00e4t Berlin has been offering the postgraduate programme European Master in Intercultural Education. The course is designed for graduates of courses from the areas of social and educational sciences, teachers, and colleagues working in intercultural contexts.<\/p>\n<p>For the academic year 2006\/2007 there are still places available.<\/p>\n<p>Read more here: <a href=\"http:\/\/www.fu-ice.de\/em\/en\/index.php\">http:\/\/www.fu-ice.de\/em\/en\/index.php<\/a><\/p>\n<p>Should you have further questions or if you need more information, please contact<\/p>\n<p>Dipl.-P\u00e4d. Jana Lowsky via e-mail <a href=\"mailto:jlowsky@zedat.fu-berlin.de\">jlowsky@zedat.fu-berlin.de<br \/>\n<\/a><\/p>\n<p><img loading=\"lazy\" decoding=\"async\" alt=\"\" src=\"http:\/\/org.uib.no\/imer\/img\/border_gray.jpg\" width=\"600\" height=\"1\" \/><\/p>\n<h5><a id=\"7\" name=\"7\"><\/a> The International Work Group for Indigenous Affairs (IWGIA) seeks Director<\/h5>\n<p>The International Work Group for Indigenous Affairs (IWGIA) is seeking a Director to take up appointment effective from 1st October 2006, and invites applications from suitably qualified persons. Please see job add here: <a href=\"http:\/\/www.iwgia.org\/sw153.asp\">http:\/\/www.iwgia.org\/sw153.asp<\/a><\/p>\n<p>The closing date for applications is 1 April 2006.<\/p>\n<p><img loading=\"lazy\" decoding=\"async\" alt=\"\" src=\"http:\/\/org.uib.no\/imer\/img\/border_gray.jpg\" width=\"600\" height=\"1\" \/><\/p>\n<h5><a id=\"8\" name=\"8\"><\/a> Culcom: Utlysing av midler til forskning og studier<\/h5>\n<p>UiO sitt strategiske forskingsprogram &#8220;Kulturell kompleksitet i det nye Norge&#8221; lyser ut arbeidsstipend, doktorgradsstipend, kvalifiseringsstipend og masterstipend innenfor satsingsomr\u00e5dene &#8220;transnasjonale prosesser&#8221; og &#8220;verdikonflikt, verdifellesskap og integrering&#8221;.<\/p>\n<p>S\u00d8KNADSFRIST: 5. april 2006.<\/p>\n<p>For n\u00e6rmere informasjon se: <a href=\"http:\/\/www.culcom.uio.no\/forskning\/utlysing.html\">http:\/\/www.culcom.uio.no\/forskning\/utlysing.html<br \/>\n<\/a>Se ogs\u00e5: <a href=\"http:\/\/www.culcom.uio.no\/\">http:\/\/www.culcom.uio.no<\/a><\/p>\n<p><img loading=\"lazy\" decoding=\"async\" alt=\"\" src=\"http:\/\/org.uib.no\/imer\/img\/border_gray.jpg\" width=\"600\" height=\"1\" \/><\/p>\n<h5><a id=\"9\" name=\"9\"><\/a>Concert Saturday 25 March: the soul band Lodin Lepp<\/h5>\n<p>The soul band Lodin Lepp, named after Norway\u2019s first commercial traveller in multicultural understanding, plays at Gamla (Stortorvet Gj\u00e6stgiveri) Saturday 25 March. The repertoire includes both classic and modern soul \u2013 James Brown, Sam and Dave, Aretha Franklin, Van Morrison etc. The band was started several years ago, but on Saturday we can see the debut of a tenor saxophonist who spends his spare time as a research leader at Culcom.<\/p>\n<p>The doors open at 20.00, c.c. Kr. 100,-. Welcome!<\/p>\n<p><img loading=\"lazy\" decoding=\"async\" alt=\"\" src=\"http:\/\/org.uib.no\/imer\/img\/border_gray.jpg\" width=\"600\" height=\"1\" \/><\/p>\n<h5><a id=\"10\" name=\"10\"><\/a>DIIS Briefs<\/h5>\n<p>These new DIIS (Danish Institute for International Studies ) publications are now available online at <a href=\"http:\/\/www.diis.dk\/\">www.diis.dk<\/a><\/p>\n<p><strong>Mellem kontrol og afmagt: EU\u2019s asyl- og indvandrerpolitik<br \/>\n<\/strong>Hans Korn\u00f8 Rasmussen, DIIS bog: <a href=\"http:\/\/www.diis.dk\/sw20821.asp\">http:\/\/www.diis.dk\/sw20821.asp<\/a><\/p>\n<p><strong>EU&#8217;s dilemmaer: syv papirer fra DIIS<\/strong><br \/>\nDIIS har netop udgivet syv papirer som bidrag til EU\u2019s t\u00e6nkepause og \u201dBorgernes dagsorden\u201d: <a href=\"http:\/\/www.diis.dk\/sw21089.asp\">http:\/\/www.diis.dk\/sw21089.asp<\/a><\/p>\n<p><strong>Qvo vadis? EU efter forfatningstraktaten<br \/>\n<\/strong>Anne Mette Vestergaard\u00a0(red.), Den Ny Verden: <a href=\"http:\/\/www.diis.dk\/sw20732.asp\">http:\/\/www.diis.dk\/sw20732.asp<\/a><\/p>\n<p><strong>African Diaspora and Post-Conflict Reconstruction in Africa<br \/>\n<\/strong>Abdullah A. Mohamoud, DIIS Brief: <a href=\"http:\/\/www.diis.dk\/sw20382.asp\">http:\/\/www.diis.dk\/sw20382.asp<\/a><\/p>\n<p><img loading=\"lazy\" decoding=\"async\" alt=\"\" src=\"http:\/\/org.uib.no\/imer\/img\/border_gray.jpg\" width=\"600\" height=\"1\" \/><\/p>\n<h5><a id=\"11\" name=\"11\"><\/a>Publications:<\/h5>\n<p><strong>Flyktningregnskapet 2005 <\/strong><\/p>\n<p>Les mer og last ned her:<br \/>\n<a href=\"http:\/\/www.nrc.no\/NRC\/FR\/20juni\/flyktningrenskapet2005-2.htm\">http:\/\/www.nrc.no\/NRC\/FR\/20juni\/flyktningrenskapet2005-2.htm<br \/>\n<\/a>(Flyktningregnskapet 2006 publiseres i juni 2006)<\/p>\n<p><strong>Hellum, Anne<\/strong> (2006): \u201dMenneskerettigheter, pluralisme, kompleksitet og integrasjon\u201d.<\/p>\n<p>Les artikkelen her:<br \/>\n<a href=\"http:\/\/www.culcom.uio.no\/forskning\/artikler\/docs\/anne_hellum-Fleischer.pdf\">http:\/\/www.culcom.uio.no\/forskning\/artikler\/docs\/anne_hellum-Fleischer.pdf<\/a><\/p>\n","protected":false},"excerpt":{"rendered":"<p>IMER NEWSLETTER Friday, 24 March 2006 Newsletter Nr. 4 \/ 2006 Content: Conferences Seminars Projects Finnish Journal of Ethnicity and Migration CAPI International Internship Program 2006 European Master in International Education The International Work Group for Indigenous Affairs (IWGIA) seeks Director Culcom: Utlysing av midler til forskning og studier Concert Saturday 25 March: the soul [&hellip;]<\/p>\n","protected":false},"author":2804,"featured_media":0,"comment_status":"closed","ping_status":"closed","sticky":false,"template":"","format":"standard","meta":{"footnotes":""},"categories":[45745],"tags":[],"class_list":["post-290","post","type-post","status-publish","format-standard","hentry","category-newsletter"],"_links":{"self":[{"href":"https:\/\/imer.w.uib.no\/index.php?rest_route=\/wp\/v2\/posts\/290","targetHints":{"allow":["GET"]}}],"collection":[{"href":"https:\/\/imer.w.uib.no\/index.php?rest_route=\/wp\/v2\/posts"}],"about":[{"href":"https:\/\/imer.w.uib.no\/index.php?rest_route=\/wp\/v2\/types\/post"}],"author":[{"embeddable":true,"href":"https:\/\/imer.w.uib.no\/index.php?rest_route=\/wp\/v2\/users\/2804"}],"replies":[{"embeddable":true,"href":"https:\/\/imer.w.uib.no\/index.php?rest_route=%2Fwp%2Fv2%2Fcomments&post=290"}],"version-history":[{"count":3,"href":"https:\/\/imer.w.uib.no\/index.php?rest_route=\/wp\/v2\/posts\/290\/revisions"}],"predecessor-version":[{"id":293,"href":"https:\/\/imer.w.uib.no\/index.php?rest_route=\/wp\/v2\/posts\/290\/revisions\/293"}],"wp:attachment":[{"href":"https:\/\/imer.w.uib.no\/index.php?rest_route=%2Fwp%2Fv2%2Fmedia&parent=290"}],"wp:term":[{"taxonomy":"category","embeddable":true,"href":"https:\/\/imer.w.uib.no\/index.php?rest_route=%2Fwp%2Fv2%2Fcategories&post=290"},{"taxonomy":"post_tag","embeddable":true,"href":"https:\/\/imer.w.uib.no\/index.php?rest_route=%2Fwp%2Fv2%2Ftags&post=290"}],"curies":[{"name":"wp","href":"https:\/\/api.w.org\/{rel}","templated":true}]}}